{"id":564,"date":"2016-07-03T11:23:13","date_gmt":"2016-07-03T11:23:13","guid":{"rendered":"http:\/\/www.evaengeler.ch\/?p=564"},"modified":"2016-07-03T11:23:13","modified_gmt":"2016-07-03T11:23:13","slug":"roti-roeseli-im-garten","status":"publish","type":"post","link":"https:\/\/www.evaengeler.ch\/?p=564","title":{"rendered":"Roti R\u00f6seli im Garten&#8230;&#8230;"},"content":{"rendered":"<p><a href=\"http:\/\/www.evaengeler.ch\/wp-content\/uploads\/2016\/07\/DSC_0754-e1467544630252.jpg\"><img loading=\"lazy\" decoding=\"async\" class=\"alignnone size-medium wp-image-553\" src=\"http:\/\/www.evaengeler.ch\/wp-content\/uploads\/2016\/07\/DSC_0754-e1467544630252-200x300.jpg\" alt=\"DSC_0754\" width=\"200\" height=\"300\" srcset=\"https:\/\/www.evaengeler.ch\/wp-content\/uploads\/2016\/07\/DSC_0754-e1467544630252-200x300.jpg 200w, https:\/\/www.evaengeler.ch\/wp-content\/uploads\/2016\/07\/DSC_0754-e1467544630252-683x1024.jpg 683w\" sizes=\"auto, (max-width: 200px) 100vw, 200px\" \/><\/a><a href=\"http:\/\/www.evaengeler.ch\/wp-content\/uploads\/2016\/07\/DSC_0752-e1467544566882.jpg\"><img loading=\"lazy\" decoding=\"async\" class=\"alignnone size-medium wp-image-551\" src=\"http:\/\/www.evaengeler.ch\/wp-content\/uploads\/2016\/07\/DSC_0752-e1467544566882-200x300.jpg\" alt=\"DSC_0752\" width=\"200\" height=\"300\" srcset=\"https:\/\/www.evaengeler.ch\/wp-content\/uploads\/2016\/07\/DSC_0752-e1467544566882-200x300.jpg 200w, https:\/\/www.evaengeler.ch\/wp-content\/uploads\/2016\/07\/DSC_0752-e1467544566882-683x1024.jpg 683w\" sizes=\"auto, (max-width: 200px) 100vw, 200px\" \/><\/a><a href=\"http:\/\/www.evaengeler.ch\/wp-content\/uploads\/2016\/07\/DSC_0751.jpg\"><img loading=\"lazy\" decoding=\"async\" class=\"alignnone size-medium wp-image-550\" src=\"http:\/\/www.evaengeler.ch\/wp-content\/uploads\/2016\/07\/DSC_0751-300x200.jpg\" alt=\"DSC_0751\" width=\"300\" height=\"200\" srcset=\"https:\/\/www.evaengeler.ch\/wp-content\/uploads\/2016\/07\/DSC_0751-300x200.jpg 300w, https:\/\/www.evaengeler.ch\/wp-content\/uploads\/2016\/07\/DSC_0751-1024x683.jpg 1024w\" sizes=\"auto, (max-width: 300px) 100vw, 300px\" \/><\/a><a href=\"http:\/\/www.evaengeler.ch\/wp-content\/uploads\/2016\/07\/DSC_0757-e1467544611919.jpg\"><img loading=\"lazy\" decoding=\"async\" class=\"alignnone size-medium wp-image-556\" src=\"http:\/\/www.evaengeler.ch\/wp-content\/uploads\/2016\/07\/DSC_0757-e1467544611919-200x300.jpg\" alt=\"DSC_0757\" width=\"200\" height=\"300\" srcset=\"https:\/\/www.evaengeler.ch\/wp-content\/uploads\/2016\/07\/DSC_0757-e1467544611919-200x300.jpg 200w, https:\/\/www.evaengeler.ch\/wp-content\/uploads\/2016\/07\/DSC_0757-e1467544611919-683x1024.jpg 683w\" sizes=\"auto, (max-width: 200px) 100vw, 200px\" \/><\/a><\/p>\n<p><a href=\"http:\/\/www.evaengeler.ch\/wp-content\/uploads\/2016\/07\/DSC_0756-e1467544596103.jpg\"><img loading=\"lazy\" decoding=\"async\" class=\"alignnone size-medium wp-image-555\" src=\"http:\/\/www.evaengeler.ch\/wp-content\/uploads\/2016\/07\/DSC_0756-e1467544596103-200x300.jpg\" alt=\"DSC_0756\" width=\"200\" height=\"300\" srcset=\"https:\/\/www.evaengeler.ch\/wp-content\/uploads\/2016\/07\/DSC_0756-e1467544596103-200x300.jpg 200w, https:\/\/www.evaengeler.ch\/wp-content\/uploads\/2016\/07\/DSC_0756-e1467544596103-683x1024.jpg 683w\" sizes=\"auto, (max-width: 200px) 100vw, 200px\" \/><\/a><a href=\"http:\/\/www.evaengeler.ch\/wp-content\/uploads\/2016\/07\/DSC_0755-e1467544581600.jpg\"><img loading=\"lazy\" decoding=\"async\" class=\"alignnone size-medium wp-image-554\" src=\"http:\/\/www.evaengeler.ch\/wp-content\/uploads\/2016\/07\/DSC_0755-e1467544581600-200x300.jpg\" alt=\"DSC_0755\" width=\"200\" height=\"300\" srcset=\"https:\/\/www.evaengeler.ch\/wp-content\/uploads\/2016\/07\/DSC_0755-e1467544581600-200x300.jpg 200w, https:\/\/www.evaengeler.ch\/wp-content\/uploads\/2016\/07\/DSC_0755-e1467544581600-683x1024.jpg 683w\" sizes=\"auto, (max-width: 200px) 100vw, 200px\" \/><\/a><\/p>\n<p>Vergiss-mein-nicht, Mohn, G\u00e4nsebl\u00fcemli &amp; Rosen bl\u00fchen auf meinem Geschirr&#8230;&#8230;<\/p>\n","protected":false},"excerpt":{"rendered":"<p>Vergiss-mein-nicht, Mohn, G\u00e4nsebl\u00fcemli &amp; Rosen bl\u00fchen auf meinem Geschirr&#8230;&#8230;<\/p>\n","protected":false},"author":1,"featured_media":0,"comment_status":"closed","ping_status":"closed","sticky":false,"template":"","format":"standard","meta":{"footnotes":""},"categories":[1],"tags":[],"class_list":["post-564","post","type-post","status-publish","format-standard","hentry","category-allgemein"],"_links":{"self":[{"href":"https:\/\/www.evaengeler.ch\/index.php?rest_route=\/wp\/v2\/posts\/564","targetHints":{"allow":["GET"]}}],"collection":[{"href":"https:\/\/www.evaengeler.ch\/index.php?rest_route=\/wp\/v2\/posts"}],"about":[{"href":"https:\/\/www.evaengeler.ch\/index.php?rest_route=\/wp\/v2\/types\/post"}],"author":[{"embeddable":true,"href":"https:\/\/www.evaengeler.ch\/index.php?rest_route=\/wp\/v2\/users\/1"}],"replies":[{"embeddable":true,"href":"https:\/\/www.evaengeler.ch\/index.php?rest_route=%2Fwp%2Fv2%2Fcomments&post=564"}],"version-history":[{"count":1,"href":"https:\/\/www.evaengeler.ch\/index.php?rest_route=\/wp\/v2\/posts\/564\/revisions"}],"predecessor-version":[{"id":565,"href":"https:\/\/www.evaengeler.ch\/index.php?rest_route=\/wp\/v2\/posts\/564\/revisions\/565"}],"wp:attachment":[{"href":"https:\/\/www.evaengeler.ch\/index.php?rest_route=%2Fwp%2Fv2%2Fmedia&parent=564"}],"wp:term":[{"taxonomy":"category","embeddable":true,"href":"https:\/\/www.evaengeler.ch\/index.php?rest_route=%2Fwp%2Fv2%2Fcategories&post=564"},{"taxonomy":"post_tag","embeddable":true,"href":"https:\/\/www.evaengeler.ch\/index.php?rest_route=%2Fwp%2Fv2%2Ftags&post=564"}],"curies":[{"name":"wp","href":"https:\/\/api.w.org\/{rel}","templated":true}]}}